{"id":1293,"date":"2024-12-16T14:07:48","date_gmt":"2024-12-16T14:07:48","guid":{"rendered":"https:\/\/litera-siegen.de\/?p=1293"},"modified":"2024-12-16T14:12:08","modified_gmt":"2024-12-16T14:12:08","slug":"siegener-heimat-preis-2024-unser-buchprojekt-siegen-mit-kinderaugen-gewinnt-den-ersten-platz","status":"publish","type":"post","link":"https:\/\/litera-siegen.de\/ru\/siegener-heimat-preis-2024-unser-buchprojekt-siegen-mit-kinderaugen-gewinnt-den-ersten-platz\/","title":{"rendered":"Siegener Heimat-Preis 2024: Unser Buchprojekt &#171;Siegen mit Kinderaugen&#187; gewinnt den ersten Platz!"},"content":{"rendered":"\n<p>Am Dienstag, den 26. November 2024, wurde unser Verein mit dem ersten Platz beim Siegener Heimat-Preis ausgezeichnet! Die feierliche Preisverleihung fand im Historischen Ratssaal der Stadt Siegen statt und w\u00fcrdigte unser Buchprojekt &#171;Siegen mit Kinderaugen&#187; als herausragendes Beispiel f\u00fcr b\u00fcrgerschaftliches Engagement.<\/p>\n\n\n\n<p><img loading=\"lazy\" decoding=\"async\" width=\"500\" height=\"282\" class=\"wp-image-1282\" style=\"width: 500px;\" src=\"http:\/\/litera-siegen.de\/wp-content\/uploads\/2024\/11\/photo_5_2024-11-27_22-37-12.jpg\" alt=\"\" srcset=\"https:\/\/litera-siegen.de\/wp-content\/uploads\/2024\/11\/photo_5_2024-11-27_22-37-12.jpg 2000w, https:\/\/litera-siegen.de\/wp-content\/uploads\/2024\/11\/photo_5_2024-11-27_22-37-12-300x169.jpg 300w, https:\/\/litera-siegen.de\/wp-content\/uploads\/2024\/11\/photo_5_2024-11-27_22-37-12-700x394.jpg 700w, https:\/\/litera-siegen.de\/wp-content\/uploads\/2024\/11\/photo_5_2024-11-27_22-37-12-768x432.jpg 768w, https:\/\/litera-siegen.de\/wp-content\/uploads\/2024\/11\/photo_5_2024-11-27_22-37-12-1536x865.jpg 1536w, https:\/\/litera-siegen.de\/wp-content\/uploads\/2024\/11\/photo_5_2024-11-27_22-37-12-107x60.jpg 107w\" sizes=\"auto, (max-width: 500px) 100vw, 500px\" \/><\/p>\n\n\n\n<p>In ihrer Laudatio bezeichnete die stellvertretende B\u00fcrgermeisterin Angela Jung unseren Sammelband als eine Art Reisef\u00fchrer f\u00fcr Siegen \u2013 erg\u00e4nzt durch Adressen und Busverbindungen zu den im Buch beschriebenen Lieblingsorten. Besonders hervorgehoben hat sie dabei die Einzigartigkeit des Projekts und dessen Bedeutung f\u00fcr unsere Stadt: \u201eDas gef\u00e4llt mir ganz besonders.\u201c F\u00fcr unsere Arbeit erhielten wir ein Preisgeld von 3.500 Euro.<\/p>\n\n\n\n<p><img loading=\"lazy\" decoding=\"async\" width=\"500\" height=\"282\" class=\"wp-image-1279\" style=\"width: 500px;\" src=\"http:\/\/litera-siegen.de\/wp-content\/uploads\/2024\/11\/photo_8_2024-11-27_22-37-12.jpg\" alt=\"\" srcset=\"https:\/\/litera-siegen.de\/wp-content\/uploads\/2024\/11\/photo_8_2024-11-27_22-37-12.jpg 2000w, https:\/\/litera-siegen.de\/wp-content\/uploads\/2024\/11\/photo_8_2024-11-27_22-37-12-300x169.jpg 300w, https:\/\/litera-siegen.de\/wp-content\/uploads\/2024\/11\/photo_8_2024-11-27_22-37-12-700x394.jpg 700w, https:\/\/litera-siegen.de\/wp-content\/uploads\/2024\/11\/photo_8_2024-11-27_22-37-12-768x432.jpg 768w, https:\/\/litera-siegen.de\/wp-content\/uploads\/2024\/11\/photo_8_2024-11-27_22-37-12-1536x865.jpg 1536w, https:\/\/litera-siegen.de\/wp-content\/uploads\/2024\/11\/photo_8_2024-11-27_22-37-12-107x60.jpg 107w\" sizes=\"auto, (max-width: 500px) 100vw, 500px\" \/><\/p>\n\n\n\n<p>Das Buchprojekt kn\u00fcpft an eine Tradition unseres Vereins an. Bereits vor zehn Jahren entstand mit \u201eWir sind tausendmal Fr\u00fchling\u201c eine erste Sammlung von Geschichten junger Menschen, die aus der ehemaligen UdSSR nach Deutschland gekommen waren. Diese damaligen Autoren sind heute Eltern \u2013 und ihre Kinder, die aktuellen Autoren, beschreiben in &#171;Siegen mit Kinderaugen&#187; ihre Lieblingsorte in Siegen und Umgebung. F\u00fcr viele von ihnen war dies die erste Gelegenheit, ihre Geschichten zu Papier zu bringen und dabei ihre Verbundenheit mit ihrer Heimatstadt auszudr\u00fccken. Unser Ziel war es, sichtbar zu machen, wie vielf\u00e4ltig und lebenswert Siegen ist \u2013 und wir freuen uns sehr, dass dies so positiv aufgenommen wurde.<\/p>\n\n\n\n<p><img loading=\"lazy\" decoding=\"async\" width=\"300\" height=\"533\" class=\"wp-image-1277\" style=\"width: 300px;\" src=\"http:\/\/litera-siegen.de\/wp-content\/uploads\/2024\/11\/photo_10_2024-11-27_22-37-12.jpg\" alt=\"\" srcset=\"https:\/\/litera-siegen.de\/wp-content\/uploads\/2024\/11\/photo_10_2024-11-27_22-37-12.jpg 1152w, https:\/\/litera-siegen.de\/wp-content\/uploads\/2024\/11\/photo_10_2024-11-27_22-37-12-169x300.jpg 169w, https:\/\/litera-siegen.de\/wp-content\/uploads\/2024\/11\/photo_10_2024-11-27_22-37-12-700x1244.jpg 700w, https:\/\/litera-siegen.de\/wp-content\/uploads\/2024\/11\/photo_10_2024-11-27_22-37-12-768x1365.jpg 768w, https:\/\/litera-siegen.de\/wp-content\/uploads\/2024\/11\/photo_10_2024-11-27_22-37-12-864x1536.jpg 864w, https:\/\/litera-siegen.de\/wp-content\/uploads\/2024\/11\/photo_10_2024-11-27_22-37-12-34x60.jpg 34w\" sizes=\"auto, (max-width: 300px) 100vw, 300px\" \/><\/p>\n\n\n\n<p>Neben unserem Projekt wurde auch die Heimat- und Versch\u00f6nerungsgruppe im Volksverein Niederschelden e.V. ausgezeichnet, die mit dem zweiten Platz und einem Preisgeld von 1.500 Euro f\u00fcr die Digitalisierung ihres Vereinsarchivs geehrt wurde.<\/p>\n\n\n\n<p>Die stellvertretende B\u00fcrgermeisterin Angela Jung bedankte sich bei allen Beteiligten f\u00fcr ihren Einsatz und betonte, wie wichtig das Ehrenamt f\u00fcr unsere Stadt ist: \u201eWir brauchen das Ehrenamt in unserer Stadt!\u201c Mit diesem Preis f\u00fchlen wir uns in unserer Arbeit best\u00e4rkt und sehen ihn zugleich als Ansporn, weiterhin mit Herzblut f\u00fcr die Gemeinschaft aktiv zu sein.<\/p>\n\n\n\n<p><img loading=\"lazy\" decoding=\"async\" width=\"500\" height=\"282\" class=\"wp-image-1282\" style=\"width: 500px;\" src=\"http:\/\/litera-siegen.de\/wp-content\/uploads\/2024\/11\/photo_5_2024-11-27_22-37-12.jpg\" alt=\"\" srcset=\"https:\/\/litera-siegen.de\/wp-content\/uploads\/2024\/11\/photo_5_2024-11-27_22-37-12.jpg 2000w, https:\/\/litera-siegen.de\/wp-content\/uploads\/2024\/11\/photo_5_2024-11-27_22-37-12-300x169.jpg 300w, https:\/\/litera-siegen.de\/wp-content\/uploads\/2024\/11\/photo_5_2024-11-27_22-37-12-700x394.jpg 700w, https:\/\/litera-siegen.de\/wp-content\/uploads\/2024\/11\/photo_5_2024-11-27_22-37-12-768x432.jpg 768w, https:\/\/litera-siegen.de\/wp-content\/uploads\/2024\/11\/photo_5_2024-11-27_22-37-12-1536x865.jpg 1536w, https:\/\/litera-siegen.de\/wp-content\/uploads\/2024\/11\/photo_5_2024-11-27_22-37-12-107x60.jpg 107w\" sizes=\"auto, (max-width: 500px) 100vw, 500px\" \/><\/p>\n\n\n\n<p>Wir m\u00f6chten allen Mitwirkenden und Unterst\u00fctzern unseres Projekts von Herzen danken \u2013 ohne euch w\u00e4re dieser Erfolg nicht m\u00f6glich gewesen! Gemeinsam machen wir Siegen zu einer lebendigen und einladenden Stadt.<\/p>\n\n\n\n<p><\/p>\n\n\n\n<p><\/p>\n\n\n\n<p><\/p>\n\n\n\n<p><\/p>\n","protected":false},"excerpt":{"rendered":"<p>Am Dienstag, den 26. November 2024, wurde unser Verein mit dem ersten Platz beim Siegener Heimat-Preis ausgezeichnet! Die feierliche Preisverleihung fand im Historischen Ratssaal der Stadt Siegen statt und w\u00fcrdigte unser Buchprojekt &#171;Siegen mit Kinderaugen&#187; als herausragendes Beispiel f\u00fcr b\u00fcrgerschaftliches Engagement. In ihrer Laudatio bezeichnete die stellvertretende B\u00fcrgermeisterin Angela Jung unseren Sammelband als eine Art &hellip; <\/p>\n","protected":false},"author":5,"featured_media":1281,"comment_status":"closed","ping_status":"closed","sticky":false,"template":"","format":"standard","meta":{"footnotes":""},"categories":[1],"tags":[15,16,17],"class_list":["post-1293","post","type-post","status-publish","format-standard","has-post-thumbnail","hentry","category-allgemein","tag-heimatpreis","tag-siegen","tag-siegen-mit-kinderaugen"],"translation":{"provider":"WPGlobus","version":"3.0.2","language":"ru","enabled_languages":["de","ru"],"languages":{"de":{"title":true,"content":true,"excerpt":false},"ru":{"title":false,"content":false,"excerpt":false}}},"_links":{"self":[{"href":"https:\/\/litera-siegen.de\/ru\/wp-json\/wp\/v2\/posts\/1293","targetHints":{"allow":["GET"]}}],"collection":[{"href":"https:\/\/litera-siegen.de\/ru\/wp-json\/wp\/v2\/posts"}],"about":[{"href":"https:\/\/litera-siegen.de\/ru\/wp-json\/wp\/v2\/types\/post"}],"author":[{"embeddable":true,"href":"https:\/\/litera-siegen.de\/ru\/wp-json\/wp\/v2\/users\/5"}],"replies":[{"embeddable":true,"href":"https:\/\/litera-siegen.de\/ru\/wp-json\/wp\/v2\/comments?post=1293"}],"version-history":[{"count":2,"href":"https:\/\/litera-siegen.de\/ru\/wp-json\/wp\/v2\/posts\/1293\/revisions"}],"predecessor-version":[{"id":1296,"href":"https:\/\/litera-siegen.de\/ru\/wp-json\/wp\/v2\/posts\/1293\/revisions\/1296"}],"wp:featuredmedia":[{"embeddable":true,"href":"https:\/\/litera-siegen.de\/ru\/wp-json\/wp\/v2\/media\/1281"}],"wp:attachment":[{"href":"https:\/\/litera-siegen.de\/ru\/wp-json\/wp\/v2\/media?parent=1293"}],"wp:term":[{"taxonomy":"category","embeddable":true,"href":"https:\/\/litera-siegen.de\/ru\/wp-json\/wp\/v2\/categories?post=1293"},{"taxonomy":"post_tag","embeddable":true,"href":"https:\/\/litera-siegen.de\/ru\/wp-json\/wp\/v2\/tags?post=1293"}],"curies":[{"name":"wp","href":"https:\/\/api.w.org\/{rel}","templated":true}]}}